{"id":8607,"date":"2024-10-15T00:29:37","date_gmt":"2024-10-14T23:29:37","guid":{"rendered":"https:\/\/www.zull.at\/vinarsky-rok-2024-ohlednuti\/"},"modified":"2024-11-11T14:16:40","modified_gmt":"2024-11-11T13:16:40","slug":"vinarsky-rok-2024-ohlednuti","status":"publish","type":"post","link":"https:\/\/www.zull.at\/cs\/vinarsky-rok-2024-ohlednuti\/","title":{"rendered":"Vina\u0159sk\u00fd rok 2024 &#8211; ohl\u00e9dnut\u00ed"},"content":{"rendered":"\n<p>\u00daroda hrozn\u016f byla \u00fasp\u011b\u0161n\u011b sklizena, n\u00e1\u0161 sklep je op\u011bt \u010dist\u00fd a v\u00edno zraje v sudech. Na vina\u0159sk\u00fd rok 2024 se d\u00edv\u00e1me s velkou vd\u011b\u010dnost\u00ed a d\u016fv\u011brou &#8211; slibuje, \u017ee bude vynikaj\u00edc\u00ed. <\/p>\n\n<figure class=\"wp-block-image aligncenter size-large is-resized\"><img decoding=\"async\" width=\"1030\" height=\"689\" src=\"https:\/\/www.zull.at\/wp-content\/uploads\/2024\/11\/weingut-zull-weinlese-2024-TL200236-1030x689.webp\" alt=\"\" class=\"wp-image-8550\" style=\"width:auto;height:450px\" srcset=\"https:\/\/www.zull.at\/wp-content\/uploads\/2024\/11\/weingut-zull-weinlese-2024-TL200236-1030x689.webp 1030w, https:\/\/www.zull.at\/wp-content\/uploads\/2024\/11\/weingut-zull-weinlese-2024-TL200236-300x201.webp 300w, https:\/\/www.zull.at\/wp-content\/uploads\/2024\/11\/weingut-zull-weinlese-2024-TL200236-80x53.webp 80w, https:\/\/www.zull.at\/wp-content\/uploads\/2024\/11\/weingut-zull-weinlese-2024-TL200236-768x513.webp 768w, https:\/\/www.zull.at\/wp-content\/uploads\/2024\/11\/weingut-zull-weinlese-2024-TL200236-1536x1027.webp 1536w, https:\/\/www.zull.at\/wp-content\/uploads\/2024\/11\/weingut-zull-weinlese-2024-TL200236-2048x1369.webp 2048w, https:\/\/www.zull.at\/wp-content\/uploads\/2024\/11\/weingut-zull-weinlese-2024-TL200236-1500x1003.webp 1500w, https:\/\/www.zull.at\/wp-content\/uploads\/2024\/11\/weingut-zull-weinlese-2024-TL200236-705x471.webp 705w, https:\/\/www.zull.at\/wp-content\/uploads\/2024\/11\/weingut-zull-weinlese-2024-TL200236-450x301.webp 450w, https:\/\/www.zull.at\/wp-content\/uploads\/2024\/11\/weingut-zull-weinlese-2024-TL200236-400x267.webp 400w, https:\/\/www.zull.at\/wp-content\/uploads\/2024\/11\/weingut-zull-weinlese-2024-TL200236-600x401.webp 600w, https:\/\/www.zull.at\/wp-content\/uploads\/2024\/11\/weingut-zull-weinlese-2024-TL200236-100x67.webp 100w\" sizes=\"(max-width: 1030px) 100vw, 1030px\" \/><\/figure>\n\n<h2 class=\"wp-block-heading\"><strong>Mr\u00e1z na ja\u0159e<\/strong><\/h2>\n\n<p>Kone\u010dn\u011b jsme se do\u010dkali dal\u0161\u00ed m\u00edrn\u00e9 a vlhk\u00e9 zimy.<\/p>\n\n<p>V\u00fdsledkem bylo velmi \u010dasn\u00e9 ra\u0161en\u00ed a pravideln\u00e9 jarn\u00ed sr\u00e1\u017eky. <\/p>\n\n<p>Pot\u00e9 jsme s v\u011bt\u0161\u00edm t\u00fdmem ne\u017e obvykle za\u010dali velmi brzy odplevelovat a vylamovat p\u0159ebyte\u010dn\u00e9 v\u00fdhony, abychom optimalizovali jejich r\u016fst a rozlo\u017een\u00ed. <\/p>\n\n<figure class=\"wp-block-image aligncenter size-large is-resized\"><img decoding=\"async\" width=\"1030\" height=\"689\" src=\"https:\/\/www.zull.at\/wp-content\/uploads\/2024\/11\/weingut-zull-weinlese-2024-TL200258-1030x689.webp\" alt=\"\" class=\"wp-image-8559\" style=\"width:auto;height:450px\" srcset=\"https:\/\/www.zull.at\/wp-content\/uploads\/2024\/11\/weingut-zull-weinlese-2024-TL200258-1030x689.webp 1030w, https:\/\/www.zull.at\/wp-content\/uploads\/2024\/11\/weingut-zull-weinlese-2024-TL200258-300x201.webp 300w, https:\/\/www.zull.at\/wp-content\/uploads\/2024\/11\/weingut-zull-weinlese-2024-TL200258-80x53.webp 80w, https:\/\/www.zull.at\/wp-content\/uploads\/2024\/11\/weingut-zull-weinlese-2024-TL200258-768x513.webp 768w, https:\/\/www.zull.at\/wp-content\/uploads\/2024\/11\/weingut-zull-weinlese-2024-TL200258-1536x1027.webp 1536w, https:\/\/www.zull.at\/wp-content\/uploads\/2024\/11\/weingut-zull-weinlese-2024-TL200258-2048x1369.webp 2048w, https:\/\/www.zull.at\/wp-content\/uploads\/2024\/11\/weingut-zull-weinlese-2024-TL200258-1500x1003.webp 1500w, https:\/\/www.zull.at\/wp-content\/uploads\/2024\/11\/weingut-zull-weinlese-2024-TL200258-705x471.webp 705w, https:\/\/www.zull.at\/wp-content\/uploads\/2024\/11\/weingut-zull-weinlese-2024-TL200258-450x301.webp 450w, https:\/\/www.zull.at\/wp-content\/uploads\/2024\/11\/weingut-zull-weinlese-2024-TL200258-400x267.webp 400w, https:\/\/www.zull.at\/wp-content\/uploads\/2024\/11\/weingut-zull-weinlese-2024-TL200258-600x401.webp 600w, https:\/\/www.zull.at\/wp-content\/uploads\/2024\/11\/weingut-zull-weinlese-2024-TL200258-100x67.webp 100w\" sizes=\"(max-width: 1030px) 100vw, 1030px\" \/><\/figure>\n\n<p>Od poloviny dubna p\u0159i\u0161lo ochlazen\u00ed, kter\u00e9 vedlo k po\u0161kozen\u00ed mrazem a ztr\u00e1t\u00e1m na v\u00fdnosech.<\/p>\n\n<p>Letos v\u0161ak nebyly posti\u017eeny jen ohro\u017een\u00e9 vinice, ale i vinice ve vy\u0161\u0161\u00edch poloh\u00e1ch, kter\u00e9 zas\u00e1hl driftov\u00fd mr\u00e1z.<\/p>\n\n<p>N\u00e1sledoval m\u00edrn\u00fd za\u010d\u00e1tek kveten\u00ed a nepravideln\u00e9 kveten\u00ed. S \u00falevou jsme zjistili, \u017ee velk\u00e9 \u00fasil\u00ed vynalo\u017een\u00e9 na zelen\u00e9 pr\u00e1ce na za\u010d\u00e1tku vegetace se vyplatilo. <\/p>\n\n<h2 class=\"wp-block-heading\"><strong>Po de\u0161ti n\u00e1sleduje slunce<\/strong><\/h2>\n\n<p>Pravideln\u00e9 sr\u00e1\u017eky a\u017e do poloviny \u010dervence pak vedly k extr\u00e9mn\u00edmu n\u00e1r\u016fstu vegetace ve srovn\u00e1n\u00ed s dlouhodob\u00fdm pr\u016fm\u011brem.<\/p>\n\n<p>Od druh\u00e9 poloviny \u010dervence za\u010dalo b\u00fdt velmi horko a r\u016fst r\u00e9vy se pon\u011bkud zpomalil.<\/p>\n\n<figure class=\"wp-block-image aligncenter size-large is-resized\"><img decoding=\"async\" width=\"1030\" height=\"689\" src=\"https:\/\/www.zull.at\/wp-content\/uploads\/2024\/11\/weingut-zull-weinlese-2024-TL200052-1030x689.webp\" alt=\"\" class=\"wp-image-8553\" style=\"width:auto;height:450px\" srcset=\"https:\/\/www.zull.at\/wp-content\/uploads\/2024\/11\/weingut-zull-weinlese-2024-TL200052-1030x689.webp 1030w, https:\/\/www.zull.at\/wp-content\/uploads\/2024\/11\/weingut-zull-weinlese-2024-TL200052-300x201.webp 300w, https:\/\/www.zull.at\/wp-content\/uploads\/2024\/11\/weingut-zull-weinlese-2024-TL200052-80x53.webp 80w, https:\/\/www.zull.at\/wp-content\/uploads\/2024\/11\/weingut-zull-weinlese-2024-TL200052-768x513.webp 768w, https:\/\/www.zull.at\/wp-content\/uploads\/2024\/11\/weingut-zull-weinlese-2024-TL200052-1536x1027.webp 1536w, https:\/\/www.zull.at\/wp-content\/uploads\/2024\/11\/weingut-zull-weinlese-2024-TL200052-2048x1369.webp 2048w, https:\/\/www.zull.at\/wp-content\/uploads\/2024\/11\/weingut-zull-weinlese-2024-TL200052-1500x1003.webp 1500w, https:\/\/www.zull.at\/wp-content\/uploads\/2024\/11\/weingut-zull-weinlese-2024-TL200052-705x471.webp 705w, https:\/\/www.zull.at\/wp-content\/uploads\/2024\/11\/weingut-zull-weinlese-2024-TL200052-450x301.webp 450w, https:\/\/www.zull.at\/wp-content\/uploads\/2024\/11\/weingut-zull-weinlese-2024-TL200052-400x267.webp 400w, https:\/\/www.zull.at\/wp-content\/uploads\/2024\/11\/weingut-zull-weinlese-2024-TL200052-600x401.webp 600w, https:\/\/www.zull.at\/wp-content\/uploads\/2024\/11\/weingut-zull-weinlese-2024-TL200052-100x67.webp 100w\" sizes=\"(max-width: 1030px) 100vw, 1030px\" \/><\/figure>\n\n<p>Zelenou sklize\u0148 (= pro\u0159ez\u00e1v\u00e1n\u00ed hrozn\u016f nebo d\u011blen\u00ed hrozn\u016f, zejm\u00e9na u odr\u016fdy Zweigelt) jsme pak zah\u00e1jili velmi brzy, aby r\u00e9va netrp\u011bla stresem ze sucha. I zde se v b\u0159eznu vyplatilo zaveden\u00ed sl\u00e1my do ka\u017ed\u00e9 druh\u00e9 \u0159ady ve f\u00e1zi sucha a pozorovali jsme pouze drobn\u00e9 p\u0159\u00edznaky stresu ze sucha. <\/p>\n\n<p>Na\u0161t\u011bst\u00ed se pak od poloviny srpna ochladilo, alespo\u0148 v noci, a chu\u0165 hrozn\u016f se pozitivn\u011b ovlivnila a zv\u00fdraznila.<\/p>\n\n<h2 class=\"wp-block-heading\"><strong>Brzk\u00e1 sklize\u0148 &#8211; slibn\u00e1 v\u00edna<\/strong><\/h2>\n\n<p>Stejn\u011b jako v roce 2018 jsme museli za\u010d\u00edt skl\u00edzet u\u017e 3. z\u00e1\u0159\u00ed. Proto\u017ee zralost rychle rostla, museli jsme si posp\u00ed\u0161it! Popohnaly n\u00e1s k tomu i p\u0159esn\u00e9 p\u0159edpov\u011bdi mimo\u0159\u00e1dn\u011b vydatn\u00fdch sr\u00e1\u017eek. V\u011bt\u0161inu hrozn\u016f jsme m\u011bli ve sklep\u011b ji\u017e p\u0159ed de\u0161tiv\u00fdmi dny.   <\/p>\n\n<p>Nakonec jsme sklize\u0148 ukon\u010dili 23. z\u00e1\u0159\u00ed po pouh\u00fdch 12 dnech sklizn\u011b, kter\u00e1 se uk\u00e1zala b\u00fdt v\u00fdrazn\u011b men\u0161\u00ed ne\u017e obvykle.<\/p>\n\n<figure class=\"wp-block-image aligncenter size-large is-resized\"><img decoding=\"async\" width=\"1030\" height=\"689\" src=\"https:\/\/www.zull.at\/wp-content\/uploads\/2024\/11\/weingut-zull-weinlese-2024-TL200282-1030x689.webp\" alt=\"\" class=\"wp-image-8547\" style=\"width:auto;height:450px\" srcset=\"https:\/\/www.zull.at\/wp-content\/uploads\/2024\/11\/weingut-zull-weinlese-2024-TL200282-1030x689.webp 1030w, https:\/\/www.zull.at\/wp-content\/uploads\/2024\/11\/weingut-zull-weinlese-2024-TL200282-300x201.webp 300w, https:\/\/www.zull.at\/wp-content\/uploads\/2024\/11\/weingut-zull-weinlese-2024-TL200282-80x53.webp 80w, https:\/\/www.zull.at\/wp-content\/uploads\/2024\/11\/weingut-zull-weinlese-2024-TL200282-768x513.webp 768w, https:\/\/www.zull.at\/wp-content\/uploads\/2024\/11\/weingut-zull-weinlese-2024-TL200282-1536x1027.webp 1536w, https:\/\/www.zull.at\/wp-content\/uploads\/2024\/11\/weingut-zull-weinlese-2024-TL200282-2048x1369.webp 2048w, https:\/\/www.zull.at\/wp-content\/uploads\/2024\/11\/weingut-zull-weinlese-2024-TL200282-1500x1003.webp 1500w, https:\/\/www.zull.at\/wp-content\/uploads\/2024\/11\/weingut-zull-weinlese-2024-TL200282-705x471.webp 705w, https:\/\/www.zull.at\/wp-content\/uploads\/2024\/11\/weingut-zull-weinlese-2024-TL200282-450x301.webp 450w, https:\/\/www.zull.at\/wp-content\/uploads\/2024\/11\/weingut-zull-weinlese-2024-TL200282-400x267.webp 400w, https:\/\/www.zull.at\/wp-content\/uploads\/2024\/11\/weingut-zull-weinlese-2024-TL200282-600x401.webp 600w, https:\/\/www.zull.at\/wp-content\/uploads\/2024\/11\/weingut-zull-weinlese-2024-TL200282-100x67.webp 100w\" sizes=\"(max-width: 1030px) 100vw, 1030px\" \/><\/figure>\n\n<p>R\u00e1di bychom touto cestou je\u0161t\u011b jednou pod\u011bkovali v\u0161em na\u0161im pracovit\u00fdm pomocn\u00edk\u016fm p\u0159i sklizni. Jen d\u00edky v\u00e1m a va\u0161emu skv\u011bl\u00e9mu \u00fasil\u00ed p\u0159i sklizni a v\u00fdb\u011bru jsme mohli do sklepa p\u0159iv\u00e9zt tak rovnom\u011brn\u011b dobr\u00e9 hrozny. <\/p>\n\n<p>Prvn\u00ed v\u00edna jsou ji\u017e velmi jemn\u00e1 s p\u0159\u00edjemnou koncentrac\u00ed ovoce.<br\/><\/p>\n\n<p>Jsme p\u0159esv\u011bd\u010deni, \u017ee ro\u010dn\u00edk 2024 bude nadpr\u016fm\u011brn\u00fd !<\/p>\n\n<figure class=\"wp-block-embed is-type-video is-provider-youtube wp-block-embed-youtube wp-embed-aspect-16-9 wp-has-aspect-ratio\"><div class=\"wp-block-embed__wrapper\"> \n<div class='avia-iframe-wrap'><iframe title=\"2024 Weinlese ZULL\" width=\"1500\" height=\"844\" src=\"https:\/\/www.youtube.com\/embed\/lGPv7XQ1FPo?feature=oembed\" frameborder=\"0\" allow=\"accelerometer; autoplay; clipboard-write; encrypted-media; gyroscope; picture-in-picture; web-share\" referrerpolicy=\"strict-origin-when-cross-origin\" allowfullscreen><\/iframe><\/div>\n <\/div><\/figure>\n","protected":false},"excerpt":{"rendered":"<p>\u00daroda hrozn\u016f byla \u00fasp\u011b\u0161n\u011b sklizena, n\u00e1\u0161 sklep je op\u011bt \u010dist\u00fd a v\u00edno zraje v sudech. Na vina\u0159sk\u00fd rok 2024 se d\u00edv\u00e1me s velkou vd\u011b\u010dnost\u00ed a d\u016fv\u011brou &#8211; slibuje, \u017ee bude vynikaj\u00edc\u00ed. Mr\u00e1z na ja\u0159e Kone\u010dn\u011b jsme se do\u010dkali dal\u0161\u00ed m\u00edrn\u00e9 a vlhk\u00e9 zimy. V\u00fdsledkem bylo velmi \u010dasn\u00e9 ra\u0161en\u00ed a pravideln\u00e9 jarn\u00ed sr\u00e1\u017eky. Pot\u00e9 jsme s [&hellip;]<\/p>\n","protected":false},"author":2,"featured_media":8557,"comment_status":"closed","ping_status":"open","sticky":false,"template":"","format":"standard","meta":{"footnotes":""},"categories":[75],"tags":[],"post_folder":[],"class_list":["post-8607","post","type-post","status-publish","format-standard","has-post-thumbnail","hentry","category-novinky"],"yoast_head":"<!-- This site is optimized with the Yoast SEO plugin v27.3 - https:\/\/yoast.com\/product\/yoast-seo-wordpress\/ -->\n<title>Vina\u0159sk\u00fd rok 2024 - ohl\u00e9dnut\u00ed - Weingut Zull<\/title>\n<meta name=\"robots\" content=\"index, follow, max-snippet:-1, max-image-preview:large, max-video-preview:-1\" \/>\n<link rel=\"canonical\" href=\"https:\/\/www.zull.at\/cs\/vinarsky-rok-2024-ohlednuti\/\" \/>\n<meta property=\"og:locale\" content=\"cs_CZ\" \/>\n<meta property=\"og:type\" content=\"article\" \/>\n<meta property=\"og:title\" content=\"Vina\u0159sk\u00fd rok 2024 - ohl\u00e9dnut\u00ed - Weingut Zull\" \/>\n<meta property=\"og:description\" content=\"\u00daroda hrozn\u016f byla \u00fasp\u011b\u0161n\u011b sklizena, n\u00e1\u0161 sklep je op\u011bt \u010dist\u00fd a v\u00edno zraje v sudech. Na vina\u0159sk\u00fd rok 2024 se d\u00edv\u00e1me s velkou vd\u011b\u010dnost\u00ed a d\u016fv\u011brou &#8211; slibuje, \u017ee bude vynikaj\u00edc\u00ed. Mr\u00e1z na ja\u0159e Kone\u010dn\u011b jsme se do\u010dkali dal\u0161\u00ed m\u00edrn\u00e9 a vlhk\u00e9 zimy. V\u00fdsledkem bylo velmi \u010dasn\u00e9 ra\u0161en\u00ed a pravideln\u00e9 jarn\u00ed sr\u00e1\u017eky. Pot\u00e9 jsme s [&hellip;]\" \/>\n<meta property=\"og:url\" content=\"https:\/\/www.zull.at\/cs\/vinarsky-rok-2024-ohlednuti\/\" \/>\n<meta property=\"og:site_name\" content=\"Weingut Zull\" \/>\n<meta property=\"article:published_time\" content=\"2024-10-14T23:29:37+00:00\" \/>\n<meta property=\"article:modified_time\" content=\"2024-11-11T13:16:40+00:00\" \/>\n<meta property=\"og:image\" content=\"https:\/\/www.zull.at\/wp-content\/uploads\/2024\/11\/weingut-zull-weinlese-2024-TL200157-1030x689.webp\" \/>\n\t<meta property=\"og:image:width\" content=\"1030\" \/>\n\t<meta property=\"og:image:height\" content=\"689\" \/>\n\t<meta property=\"og:image:type\" content=\"image\/webp\" \/>\n<meta name=\"author\" content=\"Phillip Zull\" \/>\n<meta name=\"twitter:card\" content=\"summary_large_image\" \/>\n<meta name=\"twitter:label1\" content=\"Napsal(a)\" \/>\n\t<meta name=\"twitter:data1\" content=\"Phillip Zull\" \/>\n\t<meta name=\"twitter:label2\" content=\"Odhadovan\u00e1 doba \u010dten\u00ed\" \/>\n\t<meta name=\"twitter:data2\" content=\"2 minutes\" \/>\n<script type=\"application\/ld+json\" class=\"yoast-schema-graph\">{\"@context\":\"https:\\\/\\\/schema.org\",\"@graph\":[{\"@type\":\"Article\",\"@id\":\"https:\\\/\\\/www.zull.at\\\/cs\\\/vinarsky-rok-2024-ohlednuti\\\/#article\",\"isPartOf\":{\"@id\":\"https:\\\/\\\/www.zull.at\\\/cs\\\/vinarsky-rok-2024-ohlednuti\\\/\"},\"author\":{\"name\":\"Phillip Zull\",\"@id\":\"https:\\\/\\\/www.zull.at\\\/cs\\\/#\\\/schema\\\/person\\\/dd6c910c31b21c5d330e51c3e9276edb\"},\"headline\":\"Vina\u0159sk\u00fd rok 2024 &#8211; ohl\u00e9dnut\u00ed\",\"datePublished\":\"2024-10-14T23:29:37+00:00\",\"dateModified\":\"2024-11-11T13:16:40+00:00\",\"mainEntityOfPage\":{\"@id\":\"https:\\\/\\\/www.zull.at\\\/cs\\\/vinarsky-rok-2024-ohlednuti\\\/\"},\"wordCount\":480,\"publisher\":{\"@id\":\"https:\\\/\\\/www.zull.at\\\/cs\\\/#organization\"},\"image\":{\"@id\":\"https:\\\/\\\/www.zull.at\\\/cs\\\/vinarsky-rok-2024-ohlednuti\\\/#primaryimage\"},\"thumbnailUrl\":\"https:\\\/\\\/www.zull.at\\\/wp-content\\\/uploads\\\/2024\\\/11\\\/weingut-zull-weinlese-2024-TL200157-scaled.webp\",\"articleSection\":[\"Novinky\"],\"inLanguage\":\"cs-CZ\"},{\"@type\":\"WebPage\",\"@id\":\"https:\\\/\\\/www.zull.at\\\/cs\\\/vinarsky-rok-2024-ohlednuti\\\/\",\"url\":\"https:\\\/\\\/www.zull.at\\\/cs\\\/vinarsky-rok-2024-ohlednuti\\\/\",\"name\":\"Vina\u0159sk\u00fd rok 2024 - ohl\u00e9dnut\u00ed - Weingut Zull\",\"isPartOf\":{\"@id\":\"https:\\\/\\\/www.zull.at\\\/cs\\\/#website\"},\"primaryImageOfPage\":{\"@id\":\"https:\\\/\\\/www.zull.at\\\/cs\\\/vinarsky-rok-2024-ohlednuti\\\/#primaryimage\"},\"image\":{\"@id\":\"https:\\\/\\\/www.zull.at\\\/cs\\\/vinarsky-rok-2024-ohlednuti\\\/#primaryimage\"},\"thumbnailUrl\":\"https:\\\/\\\/www.zull.at\\\/wp-content\\\/uploads\\\/2024\\\/11\\\/weingut-zull-weinlese-2024-TL200157-scaled.webp\",\"datePublished\":\"2024-10-14T23:29:37+00:00\",\"dateModified\":\"2024-11-11T13:16:40+00:00\",\"breadcrumb\":{\"@id\":\"https:\\\/\\\/www.zull.at\\\/cs\\\/vinarsky-rok-2024-ohlednuti\\\/#breadcrumb\"},\"inLanguage\":\"cs-CZ\",\"potentialAction\":[{\"@type\":\"ReadAction\",\"target\":[\"https:\\\/\\\/www.zull.at\\\/cs\\\/vinarsky-rok-2024-ohlednuti\\\/\"]}]},{\"@type\":\"ImageObject\",\"inLanguage\":\"cs-CZ\",\"@id\":\"https:\\\/\\\/www.zull.at\\\/cs\\\/vinarsky-rok-2024-ohlednuti\\\/#primaryimage\",\"url\":\"https:\\\/\\\/www.zull.at\\\/wp-content\\\/uploads\\\/2024\\\/11\\\/weingut-zull-weinlese-2024-TL200157-scaled.webp\",\"contentUrl\":\"https:\\\/\\\/www.zull.at\\\/wp-content\\\/uploads\\\/2024\\\/11\\\/weingut-zull-weinlese-2024-TL200157-scaled.webp\",\"width\":2560,\"height\":1711},{\"@type\":\"BreadcrumbList\",\"@id\":\"https:\\\/\\\/www.zull.at\\\/cs\\\/vinarsky-rok-2024-ohlednuti\\\/#breadcrumb\",\"itemListElement\":[{\"@type\":\"ListItem\",\"position\":1,\"name\":\"Home\",\"item\":\"https:\\\/\\\/www.zull.at\\\/cs\\\/aktualizace\\\/\"},{\"@type\":\"ListItem\",\"position\":2,\"name\":\"Vina\u0159sk\u00fd rok 2024 &#8211; ohl\u00e9dnut\u00ed\"}]},{\"@type\":\"WebSite\",\"@id\":\"https:\\\/\\\/www.zull.at\\\/cs\\\/#website\",\"url\":\"https:\\\/\\\/www.zull.at\\\/cs\\\/\",\"name\":\"Weingut Zull\",\"description\":\"Weingut Zull\",\"publisher\":{\"@id\":\"https:\\\/\\\/www.zull.at\\\/cs\\\/#organization\"},\"potentialAction\":[{\"@type\":\"SearchAction\",\"target\":{\"@type\":\"EntryPoint\",\"urlTemplate\":\"https:\\\/\\\/www.zull.at\\\/cs\\\/?s={search_term_string}\"},\"query-input\":{\"@type\":\"PropertyValueSpecification\",\"valueRequired\":true,\"valueName\":\"search_term_string\"}}],\"inLanguage\":\"cs-CZ\"},{\"@type\":\"Organization\",\"@id\":\"https:\\\/\\\/www.zull.at\\\/cs\\\/#organization\",\"name\":\"Weingut Zull GmbH\",\"url\":\"https:\\\/\\\/www.zull.at\\\/cs\\\/\",\"logo\":{\"@type\":\"ImageObject\",\"inLanguage\":\"cs-CZ\",\"@id\":\"https:\\\/\\\/www.zull.at\\\/cs\\\/#\\\/schema\\\/logo\\\/image\\\/\",\"url\":\"https:\\\/\\\/www.zull.at\\\/wp-content\\\/uploads\\\/2023\\\/08\\\/Zull_logo_mail_2.jpg\",\"contentUrl\":\"https:\\\/\\\/www.zull.at\\\/wp-content\\\/uploads\\\/2023\\\/08\\\/Zull_logo_mail_2.jpg\",\"width\":364,\"height\":151,\"caption\":\"Weingut Zull GmbH\"},\"image\":{\"@id\":\"https:\\\/\\\/www.zull.at\\\/cs\\\/#\\\/schema\\\/logo\\\/image\\\/\"}},{\"@type\":\"Person\",\"@id\":\"https:\\\/\\\/www.zull.at\\\/cs\\\/#\\\/schema\\\/person\\\/dd6c910c31b21c5d330e51c3e9276edb\",\"name\":\"Phillip Zull\",\"image\":{\"@type\":\"ImageObject\",\"inLanguage\":\"cs-CZ\",\"@id\":\"https:\\\/\\\/secure.gravatar.com\\\/avatar\\\/d73e6bcc56e8f05679da022e385510f50b7d0372d4a9e0687dda25f612a247d5?s=96&d=mm&r=g\",\"url\":\"https:\\\/\\\/secure.gravatar.com\\\/avatar\\\/d73e6bcc56e8f05679da022e385510f50b7d0372d4a9e0687dda25f612a247d5?s=96&d=mm&r=g\",\"contentUrl\":\"https:\\\/\\\/secure.gravatar.com\\\/avatar\\\/d73e6bcc56e8f05679da022e385510f50b7d0372d4a9e0687dda25f612a247d5?s=96&d=mm&r=g\",\"caption\":\"Phillip Zull\"},\"sameAs\":[\"https:\\\/\\\/www.zull.at\"],\"url\":\"https:\\\/\\\/www.zull.at\\\/cs\\\/author\\\/phillip_zull\\\/\"}]}<\/script>\n<!-- \/ Yoast SEO plugin. -->","yoast_head_json":{"title":"Vina\u0159sk\u00fd rok 2024 - ohl\u00e9dnut\u00ed - Weingut Zull","robots":{"index":"index","follow":"follow","max-snippet":"max-snippet:-1","max-image-preview":"max-image-preview:large","max-video-preview":"max-video-preview:-1"},"canonical":"https:\/\/www.zull.at\/cs\/vinarsky-rok-2024-ohlednuti\/","og_locale":"cs_CZ","og_type":"article","og_title":"Vina\u0159sk\u00fd rok 2024 - ohl\u00e9dnut\u00ed - Weingut Zull","og_description":"\u00daroda hrozn\u016f byla \u00fasp\u011b\u0161n\u011b sklizena, n\u00e1\u0161 sklep je op\u011bt \u010dist\u00fd a v\u00edno zraje v sudech. Na vina\u0159sk\u00fd rok 2024 se d\u00edv\u00e1me s velkou vd\u011b\u010dnost\u00ed a d\u016fv\u011brou &#8211; slibuje, \u017ee bude vynikaj\u00edc\u00ed. Mr\u00e1z na ja\u0159e Kone\u010dn\u011b jsme se do\u010dkali dal\u0161\u00ed m\u00edrn\u00e9 a vlhk\u00e9 zimy. V\u00fdsledkem bylo velmi \u010dasn\u00e9 ra\u0161en\u00ed a pravideln\u00e9 jarn\u00ed sr\u00e1\u017eky. Pot\u00e9 jsme s [&hellip;]","og_url":"https:\/\/www.zull.at\/cs\/vinarsky-rok-2024-ohlednuti\/","og_site_name":"Weingut Zull","article_published_time":"2024-10-14T23:29:37+00:00","article_modified_time":"2024-11-11T13:16:40+00:00","og_image":[{"width":1030,"height":689,"url":"https:\/\/www.zull.at\/wp-content\/uploads\/2024\/11\/weingut-zull-weinlese-2024-TL200157-1030x689.webp","type":"image\/webp"}],"author":"Phillip Zull","twitter_card":"summary_large_image","twitter_misc":{"Napsal(a)":"Phillip Zull","Odhadovan\u00e1 doba \u010dten\u00ed":"2 minutes"},"schema":{"@context":"https:\/\/schema.org","@graph":[{"@type":"Article","@id":"https:\/\/www.zull.at\/cs\/vinarsky-rok-2024-ohlednuti\/#article","isPartOf":{"@id":"https:\/\/www.zull.at\/cs\/vinarsky-rok-2024-ohlednuti\/"},"author":{"name":"Phillip Zull","@id":"https:\/\/www.zull.at\/cs\/#\/schema\/person\/dd6c910c31b21c5d330e51c3e9276edb"},"headline":"Vina\u0159sk\u00fd rok 2024 &#8211; ohl\u00e9dnut\u00ed","datePublished":"2024-10-14T23:29:37+00:00","dateModified":"2024-11-11T13:16:40+00:00","mainEntityOfPage":{"@id":"https:\/\/www.zull.at\/cs\/vinarsky-rok-2024-ohlednuti\/"},"wordCount":480,"publisher":{"@id":"https:\/\/www.zull.at\/cs\/#organization"},"image":{"@id":"https:\/\/www.zull.at\/cs\/vinarsky-rok-2024-ohlednuti\/#primaryimage"},"thumbnailUrl":"https:\/\/www.zull.at\/wp-content\/uploads\/2024\/11\/weingut-zull-weinlese-2024-TL200157-scaled.webp","articleSection":["Novinky"],"inLanguage":"cs-CZ"},{"@type":"WebPage","@id":"https:\/\/www.zull.at\/cs\/vinarsky-rok-2024-ohlednuti\/","url":"https:\/\/www.zull.at\/cs\/vinarsky-rok-2024-ohlednuti\/","name":"Vina\u0159sk\u00fd rok 2024 - ohl\u00e9dnut\u00ed - Weingut Zull","isPartOf":{"@id":"https:\/\/www.zull.at\/cs\/#website"},"primaryImageOfPage":{"@id":"https:\/\/www.zull.at\/cs\/vinarsky-rok-2024-ohlednuti\/#primaryimage"},"image":{"@id":"https:\/\/www.zull.at\/cs\/vinarsky-rok-2024-ohlednuti\/#primaryimage"},"thumbnailUrl":"https:\/\/www.zull.at\/wp-content\/uploads\/2024\/11\/weingut-zull-weinlese-2024-TL200157-scaled.webp","datePublished":"2024-10-14T23:29:37+00:00","dateModified":"2024-11-11T13:16:40+00:00","breadcrumb":{"@id":"https:\/\/www.zull.at\/cs\/vinarsky-rok-2024-ohlednuti\/#breadcrumb"},"inLanguage":"cs-CZ","potentialAction":[{"@type":"ReadAction","target":["https:\/\/www.zull.at\/cs\/vinarsky-rok-2024-ohlednuti\/"]}]},{"@type":"ImageObject","inLanguage":"cs-CZ","@id":"https:\/\/www.zull.at\/cs\/vinarsky-rok-2024-ohlednuti\/#primaryimage","url":"https:\/\/www.zull.at\/wp-content\/uploads\/2024\/11\/weingut-zull-weinlese-2024-TL200157-scaled.webp","contentUrl":"https:\/\/www.zull.at\/wp-content\/uploads\/2024\/11\/weingut-zull-weinlese-2024-TL200157-scaled.webp","width":2560,"height":1711},{"@type":"BreadcrumbList","@id":"https:\/\/www.zull.at\/cs\/vinarsky-rok-2024-ohlednuti\/#breadcrumb","itemListElement":[{"@type":"ListItem","position":1,"name":"Home","item":"https:\/\/www.zull.at\/cs\/aktualizace\/"},{"@type":"ListItem","position":2,"name":"Vina\u0159sk\u00fd rok 2024 &#8211; ohl\u00e9dnut\u00ed"}]},{"@type":"WebSite","@id":"https:\/\/www.zull.at\/cs\/#website","url":"https:\/\/www.zull.at\/cs\/","name":"Weingut Zull","description":"Weingut Zull","publisher":{"@id":"https:\/\/www.zull.at\/cs\/#organization"},"potentialAction":[{"@type":"SearchAction","target":{"@type":"EntryPoint","urlTemplate":"https:\/\/www.zull.at\/cs\/?s={search_term_string}"},"query-input":{"@type":"PropertyValueSpecification","valueRequired":true,"valueName":"search_term_string"}}],"inLanguage":"cs-CZ"},{"@type":"Organization","@id":"https:\/\/www.zull.at\/cs\/#organization","name":"Weingut Zull GmbH","url":"https:\/\/www.zull.at\/cs\/","logo":{"@type":"ImageObject","inLanguage":"cs-CZ","@id":"https:\/\/www.zull.at\/cs\/#\/schema\/logo\/image\/","url":"https:\/\/www.zull.at\/wp-content\/uploads\/2023\/08\/Zull_logo_mail_2.jpg","contentUrl":"https:\/\/www.zull.at\/wp-content\/uploads\/2023\/08\/Zull_logo_mail_2.jpg","width":364,"height":151,"caption":"Weingut Zull GmbH"},"image":{"@id":"https:\/\/www.zull.at\/cs\/#\/schema\/logo\/image\/"}},{"@type":"Person","@id":"https:\/\/www.zull.at\/cs\/#\/schema\/person\/dd6c910c31b21c5d330e51c3e9276edb","name":"Phillip Zull","image":{"@type":"ImageObject","inLanguage":"cs-CZ","@id":"https:\/\/secure.gravatar.com\/avatar\/d73e6bcc56e8f05679da022e385510f50b7d0372d4a9e0687dda25f612a247d5?s=96&d=mm&r=g","url":"https:\/\/secure.gravatar.com\/avatar\/d73e6bcc56e8f05679da022e385510f50b7d0372d4a9e0687dda25f612a247d5?s=96&d=mm&r=g","contentUrl":"https:\/\/secure.gravatar.com\/avatar\/d73e6bcc56e8f05679da022e385510f50b7d0372d4a9e0687dda25f612a247d5?s=96&d=mm&r=g","caption":"Phillip Zull"},"sameAs":["https:\/\/www.zull.at"],"url":"https:\/\/www.zull.at\/cs\/author\/phillip_zull\/"}]}},"_links":{"self":[{"href":"https:\/\/www.zull.at\/cs\/wp-json\/wp\/v2\/posts\/8607","targetHints":{"allow":["GET"]}}],"collection":[{"href":"https:\/\/www.zull.at\/cs\/wp-json\/wp\/v2\/posts"}],"about":[{"href":"https:\/\/www.zull.at\/cs\/wp-json\/wp\/v2\/types\/post"}],"author":[{"embeddable":true,"href":"https:\/\/www.zull.at\/cs\/wp-json\/wp\/v2\/users\/2"}],"replies":[{"embeddable":true,"href":"https:\/\/www.zull.at\/cs\/wp-json\/wp\/v2\/comments?post=8607"}],"version-history":[{"count":0,"href":"https:\/\/www.zull.at\/cs\/wp-json\/wp\/v2\/posts\/8607\/revisions"}],"wp:featuredmedia":[{"embeddable":true,"href":"https:\/\/www.zull.at\/cs\/wp-json\/wp\/v2\/media\/8557"}],"wp:attachment":[{"href":"https:\/\/www.zull.at\/cs\/wp-json\/wp\/v2\/media?parent=8607"}],"wp:term":[{"taxonomy":"category","embeddable":true,"href":"https:\/\/www.zull.at\/cs\/wp-json\/wp\/v2\/categories?post=8607"},{"taxonomy":"post_tag","embeddable":true,"href":"https:\/\/www.zull.at\/cs\/wp-json\/wp\/v2\/tags?post=8607"},{"taxonomy":"post_folder","embeddable":true,"href":"https:\/\/www.zull.at\/cs\/wp-json\/wp\/v2\/post_folder?post=8607"}],"curies":[{"name":"wp","href":"https:\/\/api.w.org\/{rel}","templated":true}]}}