{"id":9185,"date":"2024-11-22T17:10:40","date_gmt":"2024-11-22T16:10:40","guid":{"rendered":"https:\/\/www.zull.at\/oceneni-a-vyznamenani\/"},"modified":"2024-11-22T17:23:33","modified_gmt":"2024-11-22T16:23:33","slug":"oceneni-a-vyznamenani","status":"publish","type":"post","link":"https:\/\/www.zull.at\/cs\/oceneni-a-vyznamenani\/","title":{"rendered":"Ocen\u011bn\u00ed a vyznamen\u00e1n\u00ed"},"content":{"rendered":"\n<p>Na\u0161e v\u00edna z\u00edskala v posledn\u00ed dob\u011b \u0159adu ocen\u011bn\u00ed. Obzvl\u00e1\u0161\u0165 n\u00e1s t\u011b\u0161\u00ed, kdy\u017e na\u0161e pracovn\u00ed postupy a filozofii oce\u0148uj\u00ed i znalci ve sv\u011bt\u011b v\u00edna, a to n\u00e1s tak\u00e9 trochu t\u011b\u0161\u00ed.  <\/p>\n\n<p>P\u0159i v\u00fdrob\u011b v\u00edna mysl\u00edme p\u0159edev\u0161\u00edm na v\u00e1s &#8211; na\u0161e z\u00e1kazn\u00edky a partnery. Va\u0161e uzn\u00e1n\u00ed a zp\u011btn\u00e1 vazba jsou pro n\u00e1s d\u016fle\u017eit\u00e9.  <\/p>\n\n<p>Nicm\u00e9n\u011b n\u00e1s samoz\u0159ejm\u011b t\u011b\u0161\u00ed, kdy\u017e m\u016f\u017eeme s v\u00fdsledkem zabodovat i u odborn\u00fdch m\u00e9di\u00ed. Na\u0161\u00edm c\u00edlem nikdy nebylo vytv\u00e1\u0159et \u010dist\u011b \u201edegusta\u010dn\u00ed v\u00edna\u201c, kter\u00e1 zaujmou pouhou silou a ovocem. M\u00edsto toho se soust\u0159ed\u00edme na eleganci, vyv\u00e1\u017eenost, jemnou mineralitu a kr\u00e1sn\u00fd pr\u016fb\u011bh pit\u00ed.  <\/p>\n\n<p>Nejnov\u011bj\u0161\u00ed ocen\u011bn\u00ed nejsou d\u016fvodem k tomu, abychom si sedli na zadek a odpo\u010d\u00edvali. Jsou sp\u00ed\u0161e potvrzen\u00edm a pob\u00eddkou k dal\u0161\u00edmu vytv\u00e1\u0159en\u00ed v\u00edn, kter\u00e1 inspiruj\u00ed. <\/p>\n\n<p>Zde je v\u00fdb\u011br ned\u00e1vn\u00fdch ocen\u011bn\u00ed, kter\u00fdmi se m\u016f\u017eeme pochlubit:<\/p>\n\n<style>a.lightbox-added{\noverflow: visible !important;\n}\n.wp-block-gallery.has-nested-images.is-cropped figure.wp-block-image:not(#individual-image) a, .wp-block-gallery.has-nested-images.is-cropped figure.wp-block-image:not(#individual-image) img {\n    object-fit: contain !important;\n    width: 100%;\n    height: 450px !important;\n}\nfigure.wp-block-image.size-large {\n    border: solid 1px #d9d9d9;\n}\n.wp-block-gallery.has-nested-images.is-cropped figure.wp-block-image:not(#individual-image)>a, .wp-block-gallery.has-nested-images.is-cropped figure.wp-block-image:not(#individual-image)>div:not(.components-drop-zone){\ndisplay: block !important;\n}\n.wp-block-gallery.has-nested-images figure.wp-block-image figcaption{\nposition: relative !important;\nbackground: transparent !important;\ncolor: #222 !important;\n}\n.gallery {\n  display: flex;\n  flex-wrap: wrap;\n  gap: 20px;\n  justify-content: center;\n}\n\n.gallery-item {\n  text-align: center;\n  width: auto; \/* Passt sich der Bildgr\u00f6\u00dfe an *\/\n}\n\n.gallery img {\n  max-width: 100%;\n  height: auto;\n  display: block;\n  margin: 0 auto;\n}\n\n.gallery-caption {\n  font-size: 14px;\n  color: #333; \/* Anpassbar *\/\n  margin-top: 10px;\n}\n\n<\/style>\n\n<figure class=\"wp-block-gallery has-nested-images columns-2 is-cropped wp-block-gallery-1 is-layout-flex wp-block-gallery-is-layout-flex\">\n<figure class=\"wp-block-image size-large\"><a href=\"https:\/\/www.zull.at\/wp-content\/uploads\/2024\/11\/weingut-zull-falstaff-1.webp\"><img decoding=\"async\" width=\"690\" height=\"895\" data-id=\"9158\" src=\"https:\/\/www.zull.at\/wp-content\/uploads\/2024\/11\/weingut-zull-falstaff-1.webp\" alt=\"\" class=\"wp-image-9158\" srcset=\"https:\/\/www.zull.at\/wp-content\/uploads\/2024\/11\/weingut-zull-falstaff-1.webp 690w, https:\/\/www.zull.at\/wp-content\/uploads\/2024\/11\/weingut-zull-falstaff-1-231x300.webp 231w, https:\/\/www.zull.at\/wp-content\/uploads\/2024\/11\/weingut-zull-falstaff-1-62x80.webp 62w, https:\/\/www.zull.at\/wp-content\/uploads\/2024\/11\/weingut-zull-falstaff-1-544x705.webp 544w, https:\/\/www.zull.at\/wp-content\/uploads\/2024\/11\/weingut-zull-falstaff-1-450x584.webp 450w, https:\/\/www.zull.at\/wp-content\/uploads\/2024\/11\/weingut-zull-falstaff-1-400x519.webp 400w, https:\/\/www.zull.at\/wp-content\/uploads\/2024\/11\/weingut-zull-falstaff-1-600x778.webp 600w, https:\/\/www.zull.at\/wp-content\/uploads\/2024\/11\/weingut-zull-falstaff-1-100x130.webp 100w\" sizes=\"(max-width: 690px) 100vw, 690px\" \/><\/a><figcaption class=\"wp-element-caption\">4 hv\u011bzdi\u010dky ve Falstaffu &#8211; ji\u017e dlouho pat\u0159\u00edme k nejlep\u0161\u00edm vina\u0159stv\u00edm v zemi<\/figcaption><\/figure>\n\n\n\n<figure class=\"wp-block-image size-large\"><a href=\"https:\/\/www.zull.at\/wp-content\/uploads\/2024\/11\/weingut-zull-salonweingut.webp\"><img decoding=\"async\" width=\"421\" height=\"625\" data-id=\"9167\" src=\"https:\/\/www.zull.at\/wp-content\/uploads\/2024\/11\/weingut-zull-salonweingut.webp\" alt=\"\" class=\"wp-image-9167\" srcset=\"https:\/\/www.zull.at\/wp-content\/uploads\/2024\/11\/weingut-zull-salonweingut.webp 421w, https:\/\/www.zull.at\/wp-content\/uploads\/2024\/11\/weingut-zull-salonweingut-202x300.webp 202w, https:\/\/www.zull.at\/wp-content\/uploads\/2024\/11\/weingut-zull-salonweingut-54x80.webp 54w, https:\/\/www.zull.at\/wp-content\/uploads\/2024\/11\/weingut-zull-salonweingut-400x594.webp 400w, https:\/\/www.zull.at\/wp-content\/uploads\/2024\/11\/weingut-zull-salonweingut-100x148.webp 100w\" sizes=\"(max-width: 421px) 100vw, 421px\" \/><\/a><figcaption class=\"wp-element-caption\">Salonn\u00ed rakousk\u00e9 v\u00edno &#8211; n\u00e1\u0161 Gr\u00fcner Veltliner \u00c4u\u00dfere Bergen Weinviertel DAC Reserve 2021 &#8211; je jedn\u00edm z nejlep\u0161\u00edch v\u00edn v Rakousku &#8211; obr\u00e1zek ze Salonu<\/figcaption><\/figure>\n\n\n\n<figure class=\"wp-block-image size-large\"><a href=\"https:\/\/www.zull.at\/wp-content\/uploads\/2024\/11\/weingut-zull-falstaff-tasting.webp\"><img decoding=\"async\" width=\"775\" height=\"784\" data-id=\"9155\" src=\"https:\/\/www.zull.at\/wp-content\/uploads\/2024\/11\/weingut-zull-falstaff-tasting.webp\" alt=\"\" class=\"wp-image-9155\" srcset=\"https:\/\/www.zull.at\/wp-content\/uploads\/2024\/11\/weingut-zull-falstaff-tasting.webp 775w, https:\/\/www.zull.at\/wp-content\/uploads\/2024\/11\/weingut-zull-falstaff-tasting-297x300.webp 297w, https:\/\/www.zull.at\/wp-content\/uploads\/2024\/11\/weingut-zull-falstaff-tasting-80x80.webp 80w, https:\/\/www.zull.at\/wp-content\/uploads\/2024\/11\/weingut-zull-falstaff-tasting-768x777.webp 768w, https:\/\/www.zull.at\/wp-content\/uploads\/2024\/11\/weingut-zull-falstaff-tasting-36x36.webp 36w, https:\/\/www.zull.at\/wp-content\/uploads\/2024\/11\/weingut-zull-falstaff-tasting-697x705.webp 697w, https:\/\/www.zull.at\/wp-content\/uploads\/2024\/11\/weingut-zull-falstaff-tasting-120x120.webp 120w, https:\/\/www.zull.at\/wp-content\/uploads\/2024\/11\/weingut-zull-falstaff-tasting-450x455.webp 450w, https:\/\/www.zull.at\/wp-content\/uploads\/2024\/11\/weingut-zull-falstaff-tasting-400x405.webp 400w, https:\/\/www.zull.at\/wp-content\/uploads\/2024\/11\/weingut-zull-falstaff-tasting-600x607.webp 600w, https:\/\/www.zull.at\/wp-content\/uploads\/2024\/11\/weingut-zull-falstaff-tasting-100x101.webp 100w\" sizes=\"(max-width: 775px) 100vw, 775px\" \/><\/a><figcaption class=\"wp-element-caption\">V\u00edt\u011bz poh\u00e1ru Falstaff Weinviertel DAC Klassik Cup &#8211; Weinviertel DAC Gr\u00fcner Veltliner 2023 z\u00edskal 94 bod\u016f &#8211; Foto z poh\u00e1ru WV DAC Klassik Cup<\/figcaption><\/figure>\n\n\n\n<figure class=\"wp-block-image size-large\"><a href=\"https:\/\/www.zull.at\/wp-content\/uploads\/2024\/11\/weingut-zull-Vinaria-Weinguide-2024-718x1030.webp\"><img decoding=\"async\" width=\"718\" height=\"1030\" data-id=\"9149\" src=\"https:\/\/www.zull.at\/wp-content\/uploads\/2024\/11\/weingut-zull-Vinaria-Weinguide-2024-718x1030.webp\" alt=\"\" class=\"wp-image-9149\" srcset=\"https:\/\/www.zull.at\/wp-content\/uploads\/2024\/11\/weingut-zull-Vinaria-Weinguide-2024-718x1030.webp 718w, https:\/\/www.zull.at\/wp-content\/uploads\/2024\/11\/weingut-zull-Vinaria-Weinguide-2024-209x300.webp 209w, https:\/\/www.zull.at\/wp-content\/uploads\/2024\/11\/weingut-zull-Vinaria-Weinguide-2024-56x80.webp 56w, https:\/\/www.zull.at\/wp-content\/uploads\/2024\/11\/weingut-zull-Vinaria-Weinguide-2024-768x1102.webp 768w, https:\/\/www.zull.at\/wp-content\/uploads\/2024\/11\/weingut-zull-Vinaria-Weinguide-2024-1071x1536.webp 1071w, https:\/\/www.zull.at\/wp-content\/uploads\/2024\/11\/weingut-zull-Vinaria-Weinguide-2024-1046x1500.webp 1046w, https:\/\/www.zull.at\/wp-content\/uploads\/2024\/11\/weingut-zull-Vinaria-Weinguide-2024-491x705.webp 491w, https:\/\/www.zull.at\/wp-content\/uploads\/2024\/11\/weingut-zull-Vinaria-Weinguide-2024-450x646.webp 450w, https:\/\/www.zull.at\/wp-content\/uploads\/2024\/11\/weingut-zull-Vinaria-Weinguide-2024-400x574.webp 400w, https:\/\/www.zull.at\/wp-content\/uploads\/2024\/11\/weingut-zull-Vinaria-Weinguide-2024-600x861.webp 600w, https:\/\/www.zull.at\/wp-content\/uploads\/2024\/11\/weingut-zull-Vinaria-Weinguide-2024-100x143.webp 100w, https:\/\/www.zull.at\/wp-content\/uploads\/2024\/11\/weingut-zull-Vinaria-Weinguide-2024.webp 1394w\" sizes=\"(max-width: 718px) 100vw, 718px\" \/><\/a><figcaption class=\"wp-element-caption\">3 koruny v Pr\u016fvodci v\u00ednem Vinaria &#8211; co\u017e z n\u00e1s d\u011bl\u00e1 jedno z nejlep\u0161\u00edch vina\u0159stv\u00ed v regionu Weinviertel.<\/figcaption><\/figure>\n\n\n\n<figure class=\"wp-block-image size-large\"><a href=\"https:\/\/www.zull.at\/wp-content\/uploads\/2024\/11\/weingut-zull-vinaria.webp\"><img decoding=\"async\" width=\"721\" height=\"1029\" data-id=\"9161\" src=\"https:\/\/www.zull.at\/wp-content\/uploads\/2024\/11\/weingut-zull-vinaria.webp\" alt=\"\" class=\"wp-image-9161\" srcset=\"https:\/\/www.zull.at\/wp-content\/uploads\/2024\/11\/weingut-zull-vinaria.webp 721w, https:\/\/www.zull.at\/wp-content\/uploads\/2024\/11\/weingut-zull-vinaria-210x300.webp 210w, https:\/\/www.zull.at\/wp-content\/uploads\/2024\/11\/weingut-zull-vinaria-56x80.webp 56w, https:\/\/www.zull.at\/wp-content\/uploads\/2024\/11\/weingut-zull-vinaria-494x705.webp 494w, https:\/\/www.zull.at\/wp-content\/uploads\/2024\/11\/weingut-zull-vinaria-450x642.webp 450w, https:\/\/www.zull.at\/wp-content\/uploads\/2024\/11\/weingut-zull-vinaria-400x571.webp 400w, https:\/\/www.zull.at\/wp-content\/uploads\/2024\/11\/weingut-zull-vinaria-600x856.webp 600w, https:\/\/www.zull.at\/wp-content\/uploads\/2024\/11\/weingut-zull-vinaria-100x143.webp 100w\" sizes=\"(max-width: 721px) 100vw, 721px\" \/><\/a><figcaption class=\"wp-element-caption\">2. m\u00edsto Vinaria -3 hv\u011bzdi\u010dky pro n\u00e1\u0161 Gr\u00fcner Veltliner Schrattenthal Weinviertel DAC 2023<\/figcaption><\/figure>\n\n\n\n<figure class=\"wp-block-image size-large\"><a href=\"https:\/\/www.zull.at\/wp-content\/uploads\/2024\/11\/weingut-zull-retzer-weinwoche.webp\"><img decoding=\"async\" width=\"769\" height=\"1024\" data-id=\"9152\" src=\"https:\/\/www.zull.at\/wp-content\/uploads\/2024\/11\/weingut-zull-retzer-weinwoche.webp\" alt=\"\" class=\"wp-image-9152\" srcset=\"https:\/\/www.zull.at\/wp-content\/uploads\/2024\/11\/weingut-zull-retzer-weinwoche.webp 769w, https:\/\/www.zull.at\/wp-content\/uploads\/2024\/11\/weingut-zull-retzer-weinwoche-225x300.webp 225w, https:\/\/www.zull.at\/wp-content\/uploads\/2024\/11\/weingut-zull-retzer-weinwoche-60x80.webp 60w, https:\/\/www.zull.at\/wp-content\/uploads\/2024\/11\/weingut-zull-retzer-weinwoche-529x705.webp 529w, https:\/\/www.zull.at\/wp-content\/uploads\/2024\/11\/weingut-zull-retzer-weinwoche-450x599.webp 450w, https:\/\/www.zull.at\/wp-content\/uploads\/2024\/11\/weingut-zull-retzer-weinwoche-400x533.webp 400w, https:\/\/www.zull.at\/wp-content\/uploads\/2024\/11\/weingut-zull-retzer-weinwoche-600x799.webp 600w, https:\/\/www.zull.at\/wp-content\/uploads\/2024\/11\/weingut-zull-retzer-weinwoche-100x133.webp 100w\" sizes=\"(max-width: 769px) 100vw, 769px\" \/><\/a><figcaption class=\"wp-element-caption\">V\u00edt\u011bz odr\u016fdy na T\u00fddnu v\u00edna v Retzu &#8211; na\u0161e Chardonnay Kalvarienberg 2021 v\u00edt\u011bz\u00ed v kategorii b\u00edl\u00fdch a vyzr\u00e1l\u00fdch v\u00edn &#8211; obr\u00e1zek Chardonnay Kalvarienberg<\/figcaption><\/figure>\n\n\n\n<figure class=\"wp-block-image size-large\"><a href=\"https:\/\/www.zull.at\/wp-content\/uploads\/2024\/11\/weingut-zull-falstaff.webp\"><img decoding=\"async\" width=\"712\" height=\"1005\" data-id=\"9164\" src=\"https:\/\/www.zull.at\/wp-content\/uploads\/2024\/11\/weingut-zull-falstaff.webp\" alt=\"\" class=\"wp-image-9164\" srcset=\"https:\/\/www.zull.at\/wp-content\/uploads\/2024\/11\/weingut-zull-falstaff.webp 712w, https:\/\/www.zull.at\/wp-content\/uploads\/2024\/11\/weingut-zull-falstaff-213x300.webp 213w, https:\/\/www.zull.at\/wp-content\/uploads\/2024\/11\/weingut-zull-falstaff-57x80.webp 57w, https:\/\/www.zull.at\/wp-content\/uploads\/2024\/11\/weingut-zull-falstaff-499x705.webp 499w, https:\/\/www.zull.at\/wp-content\/uploads\/2024\/11\/weingut-zull-falstaff-450x635.webp 450w, https:\/\/www.zull.at\/wp-content\/uploads\/2024\/11\/weingut-zull-falstaff-400x565.webp 400w, https:\/\/www.zull.at\/wp-content\/uploads\/2024\/11\/weingut-zull-falstaff-600x847.webp 600w, https:\/\/www.zull.at\/wp-content\/uploads\/2024\/11\/weingut-zull-falstaff-100x141.webp 100w\" sizes=\"(max-width: 712px) 100vw, 712px\" \/><\/a><figcaption class=\"wp-element-caption\">95 bod\u016f na Falstaff Grand Prix 2024 &#8211; pro n\u00e1\u0161 Gr\u00fcner Veltliner Weinviertel DAC Reserve \u00c4u\u00dfere Bergen 2021<\/figcaption><\/figure>\n\n\n\n<figure class=\"wp-block-image size-large\"><a href=\"https:\/\/www.zull.at\/wp-content\/uploads\/2024\/11\/weingut-zull-F2F6C109-8A97-469F-9D52-8823A6E55CBF_1_105_c.webp\"><img decoding=\"async\" width=\"858\" height=\"916\" data-id=\"9143\" src=\"https:\/\/www.zull.at\/wp-content\/uploads\/2024\/11\/weingut-zull-F2F6C109-8A97-469F-9D52-8823A6E55CBF_1_105_c.webp\" alt=\"\" class=\"wp-image-9143\" srcset=\"https:\/\/www.zull.at\/wp-content\/uploads\/2024\/11\/weingut-zull-F2F6C109-8A97-469F-9D52-8823A6E55CBF_1_105_c.webp 858w, https:\/\/www.zull.at\/wp-content\/uploads\/2024\/11\/weingut-zull-F2F6C109-8A97-469F-9D52-8823A6E55CBF_1_105_c-281x300.webp 281w, https:\/\/www.zull.at\/wp-content\/uploads\/2024\/11\/weingut-zull-F2F6C109-8A97-469F-9D52-8823A6E55CBF_1_105_c-75x80.webp 75w, https:\/\/www.zull.at\/wp-content\/uploads\/2024\/11\/weingut-zull-F2F6C109-8A97-469F-9D52-8823A6E55CBF_1_105_c-768x820.webp 768w, https:\/\/www.zull.at\/wp-content\/uploads\/2024\/11\/weingut-zull-F2F6C109-8A97-469F-9D52-8823A6E55CBF_1_105_c-660x705.webp 660w, https:\/\/www.zull.at\/wp-content\/uploads\/2024\/11\/weingut-zull-F2F6C109-8A97-469F-9D52-8823A6E55CBF_1_105_c-450x480.webp 450w, https:\/\/www.zull.at\/wp-content\/uploads\/2024\/11\/weingut-zull-F2F6C109-8A97-469F-9D52-8823A6E55CBF_1_105_c-400x427.webp 400w, https:\/\/www.zull.at\/wp-content\/uploads\/2024\/11\/weingut-zull-F2F6C109-8A97-469F-9D52-8823A6E55CBF_1_105_c-600x641.webp 600w, https:\/\/www.zull.at\/wp-content\/uploads\/2024\/11\/weingut-zull-F2F6C109-8A97-469F-9D52-8823A6E55CBF_1_105_c-100x107.webp 100w\" sizes=\"(max-width: 858px) 100vw, 858px\" \/><\/a><figcaption class=\"wp-element-caption\">\u0160ampion na Vino Bojnice na Slovensku &#8211; na\u0161e Ancestrale Ros\u00e9 2021 vyhr\u00e1lo svou t\u0159\u00eddu &#8211; Foto: Vino-Bojnice<\/figcaption><\/figure>\n\n\n\n<figure class=\"wp-block-image size-large\"><a href=\"https:\/\/www.zull.at\/wp-content\/uploads\/2024\/11\/weingut-zull-zull-presse-504x1030.webp\"><img decoding=\"async\" width=\"504\" height=\"1030\" data-id=\"9146\" src=\"https:\/\/www.zull.at\/wp-content\/uploads\/2024\/11\/weingut-zull-zull-presse-504x1030.webp\" alt=\"\" class=\"wp-image-9146\" srcset=\"https:\/\/www.zull.at\/wp-content\/uploads\/2024\/11\/weingut-zull-zull-presse-504x1030.webp 504w, https:\/\/www.zull.at\/wp-content\/uploads\/2024\/11\/weingut-zull-zull-presse-147x300.webp 147w, https:\/\/www.zull.at\/wp-content\/uploads\/2024\/11\/weingut-zull-zull-presse-39x80.webp 39w, https:\/\/www.zull.at\/wp-content\/uploads\/2024\/11\/weingut-zull-zull-presse-345x705.webp 345w, https:\/\/www.zull.at\/wp-content\/uploads\/2024\/11\/weingut-zull-zull-presse-450x920.webp 450w, https:\/\/www.zull.at\/wp-content\/uploads\/2024\/11\/weingut-zull-zull-presse-400x818.webp 400w, https:\/\/www.zull.at\/wp-content\/uploads\/2024\/11\/weingut-zull-zull-presse-600x1226.webp 600w, https:\/\/www.zull.at\/wp-content\/uploads\/2024\/11\/weingut-zull-zull-presse-100x204.webp 100w, https:\/\/www.zull.at\/wp-content\/uploads\/2024\/11\/weingut-zull-zull-presse.webp 614w\" sizes=\"(max-width: 504px) 100vw, 504px\" \/><\/a><figcaption class=\"wp-element-caption\">Die Presse &#8211; Schaufenster <em>Im Keller<\/em> &#8211; G\u00fcnter Hofer chv\u00e1l\u00ed na\u0161e Chardonnay Kalvarienberg 2021<\/figcaption><\/figure>\n\n\n\n<figure class=\"wp-block-image size-large\"><a href=\"https:\/\/www.zull.at\/wp-content\/uploads\/2024\/11\/weingut-zull-iwsc-scaled.webp\"><img decoding=\"async\" width=\"1030\" height=\"724\" data-id=\"9140\" src=\"https:\/\/www.zull.at\/wp-content\/uploads\/2024\/11\/weingut-zull-iwsc-1030x724.webp\" alt=\"\" class=\"wp-image-9140\" srcset=\"https:\/\/www.zull.at\/wp-content\/uploads\/2024\/11\/weingut-zull-iwsc-1030x724.webp 1030w, https:\/\/www.zull.at\/wp-content\/uploads\/2024\/11\/weingut-zull-iwsc-300x211.webp 300w, https:\/\/www.zull.at\/wp-content\/uploads\/2024\/11\/weingut-zull-iwsc-80x56.webp 80w, https:\/\/www.zull.at\/wp-content\/uploads\/2024\/11\/weingut-zull-iwsc-768x540.webp 768w, https:\/\/www.zull.at\/wp-content\/uploads\/2024\/11\/weingut-zull-iwsc-1536x1080.webp 1536w, https:\/\/www.zull.at\/wp-content\/uploads\/2024\/11\/weingut-zull-iwsc-2048x1440.webp 2048w, https:\/\/www.zull.at\/wp-content\/uploads\/2024\/11\/weingut-zull-iwsc-1500x1055.webp 1500w, https:\/\/www.zull.at\/wp-content\/uploads\/2024\/11\/weingut-zull-iwsc-705x496.webp 705w, https:\/\/www.zull.at\/wp-content\/uploads\/2024\/11\/weingut-zull-iwsc-450x316.webp 450w, https:\/\/www.zull.at\/wp-content\/uploads\/2024\/11\/weingut-zull-iwsc-400x281.webp 400w, https:\/\/www.zull.at\/wp-content\/uploads\/2024\/11\/weingut-zull-iwsc-600x422.webp 600w, https:\/\/www.zull.at\/wp-content\/uploads\/2024\/11\/weingut-zull-iwsc-100x70.webp 100w\" sizes=\"(max-width: 1030px) 100vw, 1030px\" \/><\/a><figcaption class=\"wp-element-caption\">International Wine and Spirit Competition &#8211; 92 bod\u016f pro na\u0161e Lust &amp; Laune Gr\u00fcner Veltliner 2023 <\/figcaption><\/figure>\n<\/figure>\n\n<p><\/p>\n","protected":false},"excerpt":{"rendered":"<p>Na\u0161e v\u00edna z\u00edskala v posledn\u00ed dob\u011b \u0159adu ocen\u011bn\u00ed. Obzvl\u00e1\u0161\u0165 n\u00e1s t\u011b\u0161\u00ed, kdy\u017e na\u0161e pracovn\u00ed postupy a filozofii oce\u0148uj\u00ed i znalci ve sv\u011bt\u011b v\u00edna, a to n\u00e1s tak\u00e9 trochu t\u011b\u0161\u00ed. P\u0159i v\u00fdrob\u011b v\u00edna mysl\u00edme p\u0159edev\u0161\u00edm na v\u00e1s &#8211; na\u0161e z\u00e1kazn\u00edky a partnery. Va\u0161e uzn\u00e1n\u00ed a zp\u011btn\u00e1 vazba jsou pro n\u00e1s d\u016fle\u017eit\u00e9. Nicm\u00e9n\u011b n\u00e1s samoz\u0159ejm\u011b t\u011b\u0161\u00ed, kdy\u017e [&hellip;]<\/p>\n","protected":false},"author":2,"featured_media":9191,"comment_status":"closed","ping_status":"open","sticky":false,"template":"","format":"standard","meta":{"footnotes":""},"categories":[75],"tags":[],"post_folder":[],"class_list":["post-9185","post","type-post","status-publish","format-standard","has-post-thumbnail","hentry","category-novinky"],"yoast_head":"<!-- This site is optimized with the Yoast SEO plugin v27.3 - https:\/\/yoast.com\/product\/yoast-seo-wordpress\/ -->\n<title>Ocen\u011bn\u00ed a vyznamen\u00e1n\u00ed - Weingut Zull<\/title>\n<meta name=\"robots\" content=\"index, follow, max-snippet:-1, max-image-preview:large, max-video-preview:-1\" \/>\n<link rel=\"canonical\" href=\"https:\/\/www.zull.at\/cs\/oceneni-a-vyznamenani\/\" \/>\n<meta property=\"og:locale\" content=\"cs_CZ\" \/>\n<meta property=\"og:type\" content=\"article\" \/>\n<meta property=\"og:title\" content=\"Ocen\u011bn\u00ed a vyznamen\u00e1n\u00ed - Weingut Zull\" \/>\n<meta property=\"og:description\" content=\"Na\u0161e v\u00edna z\u00edskala v posledn\u00ed dob\u011b \u0159adu ocen\u011bn\u00ed. Obzvl\u00e1\u0161\u0165 n\u00e1s t\u011b\u0161\u00ed, kdy\u017e na\u0161e pracovn\u00ed postupy a filozofii oce\u0148uj\u00ed i znalci ve sv\u011bt\u011b v\u00edna, a to n\u00e1s tak\u00e9 trochu t\u011b\u0161\u00ed. P\u0159i v\u00fdrob\u011b v\u00edna mysl\u00edme p\u0159edev\u0161\u00edm na v\u00e1s &#8211; na\u0161e z\u00e1kazn\u00edky a partnery. Va\u0161e uzn\u00e1n\u00ed a zp\u011btn\u00e1 vazba jsou pro n\u00e1s d\u016fle\u017eit\u00e9. Nicm\u00e9n\u011b n\u00e1s samoz\u0159ejm\u011b t\u011b\u0161\u00ed, kdy\u017e [&hellip;]\" \/>\n<meta property=\"og:url\" content=\"https:\/\/www.zull.at\/cs\/oceneni-a-vyznamenani\/\" \/>\n<meta property=\"og:site_name\" content=\"Weingut Zull\" \/>\n<meta property=\"article:published_time\" content=\"2024-11-22T16:10:40+00:00\" \/>\n<meta property=\"article:modified_time\" content=\"2024-11-22T16:23:33+00:00\" \/>\n<meta property=\"og:image\" content=\"https:\/\/www.zull.at\/wp-content\/uploads\/2024\/11\/PamelaSchmatz-Verbessert-RR-1.webp\" \/>\n\t<meta property=\"og:image:width\" content=\"2000\" \/>\n\t<meta property=\"og:image:height\" content=\"775\" \/>\n\t<meta property=\"og:image:type\" content=\"image\/webp\" \/>\n<meta name=\"author\" content=\"Phillip Zull\" \/>\n<meta name=\"twitter:card\" content=\"summary_large_image\" \/>\n<meta name=\"twitter:label1\" content=\"Napsal(a)\" \/>\n\t<meta name=\"twitter:data1\" content=\"Phillip Zull\" \/>\n\t<meta name=\"twitter:label2\" content=\"Odhadovan\u00e1 doba \u010dten\u00ed\" \/>\n\t<meta name=\"twitter:data2\" content=\"4 minutes\" \/>\n<script type=\"application\/ld+json\" class=\"yoast-schema-graph\">{\"@context\":\"https:\\\/\\\/schema.org\",\"@graph\":[{\"@type\":\"Article\",\"@id\":\"https:\\\/\\\/www.zull.at\\\/cs\\\/oceneni-a-vyznamenani\\\/#article\",\"isPartOf\":{\"@id\":\"https:\\\/\\\/www.zull.at\\\/cs\\\/oceneni-a-vyznamenani\\\/\"},\"author\":{\"name\":\"Phillip Zull\",\"@id\":\"https:\\\/\\\/www.zull.at\\\/cs\\\/#\\\/schema\\\/person\\\/dd6c910c31b21c5d330e51c3e9276edb\"},\"headline\":\"Ocen\u011bn\u00ed a vyznamen\u00e1n\u00ed\",\"datePublished\":\"2024-11-22T16:10:40+00:00\",\"dateModified\":\"2024-11-22T16:23:33+00:00\",\"mainEntityOfPage\":{\"@id\":\"https:\\\/\\\/www.zull.at\\\/cs\\\/oceneni-a-vyznamenani\\\/\"},\"wordCount\":409,\"publisher\":{\"@id\":\"https:\\\/\\\/www.zull.at\\\/cs\\\/#organization\"},\"image\":{\"@id\":\"https:\\\/\\\/www.zull.at\\\/cs\\\/oceneni-a-vyznamenani\\\/#primaryimage\"},\"thumbnailUrl\":\"https:\\\/\\\/www.zull.at\\\/wp-content\\\/uploads\\\/2024\\\/11\\\/PamelaSchmatz-Verbessert-RR-1.webp\",\"articleSection\":[\"Novinky\"],\"inLanguage\":\"cs-CZ\"},{\"@type\":\"WebPage\",\"@id\":\"https:\\\/\\\/www.zull.at\\\/cs\\\/oceneni-a-vyznamenani\\\/\",\"url\":\"https:\\\/\\\/www.zull.at\\\/cs\\\/oceneni-a-vyznamenani\\\/\",\"name\":\"Ocen\u011bn\u00ed a vyznamen\u00e1n\u00ed - Weingut Zull\",\"isPartOf\":{\"@id\":\"https:\\\/\\\/www.zull.at\\\/cs\\\/#website\"},\"primaryImageOfPage\":{\"@id\":\"https:\\\/\\\/www.zull.at\\\/cs\\\/oceneni-a-vyznamenani\\\/#primaryimage\"},\"image\":{\"@id\":\"https:\\\/\\\/www.zull.at\\\/cs\\\/oceneni-a-vyznamenani\\\/#primaryimage\"},\"thumbnailUrl\":\"https:\\\/\\\/www.zull.at\\\/wp-content\\\/uploads\\\/2024\\\/11\\\/PamelaSchmatz-Verbessert-RR-1.webp\",\"datePublished\":\"2024-11-22T16:10:40+00:00\",\"dateModified\":\"2024-11-22T16:23:33+00:00\",\"breadcrumb\":{\"@id\":\"https:\\\/\\\/www.zull.at\\\/cs\\\/oceneni-a-vyznamenani\\\/#breadcrumb\"},\"inLanguage\":\"cs-CZ\",\"potentialAction\":[{\"@type\":\"ReadAction\",\"target\":[\"https:\\\/\\\/www.zull.at\\\/cs\\\/oceneni-a-vyznamenani\\\/\"]}]},{\"@type\":\"ImageObject\",\"inLanguage\":\"cs-CZ\",\"@id\":\"https:\\\/\\\/www.zull.at\\\/cs\\\/oceneni-a-vyznamenani\\\/#primaryimage\",\"url\":\"https:\\\/\\\/www.zull.at\\\/wp-content\\\/uploads\\\/2024\\\/11\\\/PamelaSchmatz-Verbessert-RR-1.webp\",\"contentUrl\":\"https:\\\/\\\/www.zull.at\\\/wp-content\\\/uploads\\\/2024\\\/11\\\/PamelaSchmatz-Verbessert-RR-1.webp\",\"width\":2000,\"height\":775},{\"@type\":\"BreadcrumbList\",\"@id\":\"https:\\\/\\\/www.zull.at\\\/cs\\\/oceneni-a-vyznamenani\\\/#breadcrumb\",\"itemListElement\":[{\"@type\":\"ListItem\",\"position\":1,\"name\":\"Home\",\"item\":\"https:\\\/\\\/www.zull.at\\\/cs\\\/aktualizace\\\/\"},{\"@type\":\"ListItem\",\"position\":2,\"name\":\"Ocen\u011bn\u00ed a vyznamen\u00e1n\u00ed\"}]},{\"@type\":\"WebSite\",\"@id\":\"https:\\\/\\\/www.zull.at\\\/cs\\\/#website\",\"url\":\"https:\\\/\\\/www.zull.at\\\/cs\\\/\",\"name\":\"Weingut Zull\",\"description\":\"Weingut Zull\",\"publisher\":{\"@id\":\"https:\\\/\\\/www.zull.at\\\/cs\\\/#organization\"},\"potentialAction\":[{\"@type\":\"SearchAction\",\"target\":{\"@type\":\"EntryPoint\",\"urlTemplate\":\"https:\\\/\\\/www.zull.at\\\/cs\\\/?s={search_term_string}\"},\"query-input\":{\"@type\":\"PropertyValueSpecification\",\"valueRequired\":true,\"valueName\":\"search_term_string\"}}],\"inLanguage\":\"cs-CZ\"},{\"@type\":\"Organization\",\"@id\":\"https:\\\/\\\/www.zull.at\\\/cs\\\/#organization\",\"name\":\"Weingut Zull GmbH\",\"url\":\"https:\\\/\\\/www.zull.at\\\/cs\\\/\",\"logo\":{\"@type\":\"ImageObject\",\"inLanguage\":\"cs-CZ\",\"@id\":\"https:\\\/\\\/www.zull.at\\\/cs\\\/#\\\/schema\\\/logo\\\/image\\\/\",\"url\":\"https:\\\/\\\/www.zull.at\\\/wp-content\\\/uploads\\\/2023\\\/08\\\/Zull_logo_mail_2.jpg\",\"contentUrl\":\"https:\\\/\\\/www.zull.at\\\/wp-content\\\/uploads\\\/2023\\\/08\\\/Zull_logo_mail_2.jpg\",\"width\":364,\"height\":151,\"caption\":\"Weingut Zull GmbH\"},\"image\":{\"@id\":\"https:\\\/\\\/www.zull.at\\\/cs\\\/#\\\/schema\\\/logo\\\/image\\\/\"}},{\"@type\":\"Person\",\"@id\":\"https:\\\/\\\/www.zull.at\\\/cs\\\/#\\\/schema\\\/person\\\/dd6c910c31b21c5d330e51c3e9276edb\",\"name\":\"Phillip Zull\",\"image\":{\"@type\":\"ImageObject\",\"inLanguage\":\"cs-CZ\",\"@id\":\"https:\\\/\\\/secure.gravatar.com\\\/avatar\\\/d73e6bcc56e8f05679da022e385510f50b7d0372d4a9e0687dda25f612a247d5?s=96&d=mm&r=g\",\"url\":\"https:\\\/\\\/secure.gravatar.com\\\/avatar\\\/d73e6bcc56e8f05679da022e385510f50b7d0372d4a9e0687dda25f612a247d5?s=96&d=mm&r=g\",\"contentUrl\":\"https:\\\/\\\/secure.gravatar.com\\\/avatar\\\/d73e6bcc56e8f05679da022e385510f50b7d0372d4a9e0687dda25f612a247d5?s=96&d=mm&r=g\",\"caption\":\"Phillip Zull\"},\"sameAs\":[\"https:\\\/\\\/www.zull.at\"],\"url\":\"https:\\\/\\\/www.zull.at\\\/cs\\\/author\\\/phillip_zull\\\/\"}]}<\/script>\n<!-- \/ Yoast SEO plugin. -->","yoast_head_json":{"title":"Ocen\u011bn\u00ed a vyznamen\u00e1n\u00ed - Weingut Zull","robots":{"index":"index","follow":"follow","max-snippet":"max-snippet:-1","max-image-preview":"max-image-preview:large","max-video-preview":"max-video-preview:-1"},"canonical":"https:\/\/www.zull.at\/cs\/oceneni-a-vyznamenani\/","og_locale":"cs_CZ","og_type":"article","og_title":"Ocen\u011bn\u00ed a vyznamen\u00e1n\u00ed - Weingut Zull","og_description":"Na\u0161e v\u00edna z\u00edskala v posledn\u00ed dob\u011b \u0159adu ocen\u011bn\u00ed. Obzvl\u00e1\u0161\u0165 n\u00e1s t\u011b\u0161\u00ed, kdy\u017e na\u0161e pracovn\u00ed postupy a filozofii oce\u0148uj\u00ed i znalci ve sv\u011bt\u011b v\u00edna, a to n\u00e1s tak\u00e9 trochu t\u011b\u0161\u00ed. P\u0159i v\u00fdrob\u011b v\u00edna mysl\u00edme p\u0159edev\u0161\u00edm na v\u00e1s &#8211; na\u0161e z\u00e1kazn\u00edky a partnery. Va\u0161e uzn\u00e1n\u00ed a zp\u011btn\u00e1 vazba jsou pro n\u00e1s d\u016fle\u017eit\u00e9. Nicm\u00e9n\u011b n\u00e1s samoz\u0159ejm\u011b t\u011b\u0161\u00ed, kdy\u017e [&hellip;]","og_url":"https:\/\/www.zull.at\/cs\/oceneni-a-vyznamenani\/","og_site_name":"Weingut Zull","article_published_time":"2024-11-22T16:10:40+00:00","article_modified_time":"2024-11-22T16:23:33+00:00","og_image":[{"width":2000,"height":775,"url":"https:\/\/www.zull.at\/wp-content\/uploads\/2024\/11\/PamelaSchmatz-Verbessert-RR-1.webp","type":"image\/webp"}],"author":"Phillip Zull","twitter_card":"summary_large_image","twitter_misc":{"Napsal(a)":"Phillip Zull","Odhadovan\u00e1 doba \u010dten\u00ed":"4 minutes"},"schema":{"@context":"https:\/\/schema.org","@graph":[{"@type":"Article","@id":"https:\/\/www.zull.at\/cs\/oceneni-a-vyznamenani\/#article","isPartOf":{"@id":"https:\/\/www.zull.at\/cs\/oceneni-a-vyznamenani\/"},"author":{"name":"Phillip Zull","@id":"https:\/\/www.zull.at\/cs\/#\/schema\/person\/dd6c910c31b21c5d330e51c3e9276edb"},"headline":"Ocen\u011bn\u00ed a vyznamen\u00e1n\u00ed","datePublished":"2024-11-22T16:10:40+00:00","dateModified":"2024-11-22T16:23:33+00:00","mainEntityOfPage":{"@id":"https:\/\/www.zull.at\/cs\/oceneni-a-vyznamenani\/"},"wordCount":409,"publisher":{"@id":"https:\/\/www.zull.at\/cs\/#organization"},"image":{"@id":"https:\/\/www.zull.at\/cs\/oceneni-a-vyznamenani\/#primaryimage"},"thumbnailUrl":"https:\/\/www.zull.at\/wp-content\/uploads\/2024\/11\/PamelaSchmatz-Verbessert-RR-1.webp","articleSection":["Novinky"],"inLanguage":"cs-CZ"},{"@type":"WebPage","@id":"https:\/\/www.zull.at\/cs\/oceneni-a-vyznamenani\/","url":"https:\/\/www.zull.at\/cs\/oceneni-a-vyznamenani\/","name":"Ocen\u011bn\u00ed a vyznamen\u00e1n\u00ed - Weingut Zull","isPartOf":{"@id":"https:\/\/www.zull.at\/cs\/#website"},"primaryImageOfPage":{"@id":"https:\/\/www.zull.at\/cs\/oceneni-a-vyznamenani\/#primaryimage"},"image":{"@id":"https:\/\/www.zull.at\/cs\/oceneni-a-vyznamenani\/#primaryimage"},"thumbnailUrl":"https:\/\/www.zull.at\/wp-content\/uploads\/2024\/11\/PamelaSchmatz-Verbessert-RR-1.webp","datePublished":"2024-11-22T16:10:40+00:00","dateModified":"2024-11-22T16:23:33+00:00","breadcrumb":{"@id":"https:\/\/www.zull.at\/cs\/oceneni-a-vyznamenani\/#breadcrumb"},"inLanguage":"cs-CZ","potentialAction":[{"@type":"ReadAction","target":["https:\/\/www.zull.at\/cs\/oceneni-a-vyznamenani\/"]}]},{"@type":"ImageObject","inLanguage":"cs-CZ","@id":"https:\/\/www.zull.at\/cs\/oceneni-a-vyznamenani\/#primaryimage","url":"https:\/\/www.zull.at\/wp-content\/uploads\/2024\/11\/PamelaSchmatz-Verbessert-RR-1.webp","contentUrl":"https:\/\/www.zull.at\/wp-content\/uploads\/2024\/11\/PamelaSchmatz-Verbessert-RR-1.webp","width":2000,"height":775},{"@type":"BreadcrumbList","@id":"https:\/\/www.zull.at\/cs\/oceneni-a-vyznamenani\/#breadcrumb","itemListElement":[{"@type":"ListItem","position":1,"name":"Home","item":"https:\/\/www.zull.at\/cs\/aktualizace\/"},{"@type":"ListItem","position":2,"name":"Ocen\u011bn\u00ed a vyznamen\u00e1n\u00ed"}]},{"@type":"WebSite","@id":"https:\/\/www.zull.at\/cs\/#website","url":"https:\/\/www.zull.at\/cs\/","name":"Weingut Zull","description":"Weingut Zull","publisher":{"@id":"https:\/\/www.zull.at\/cs\/#organization"},"potentialAction":[{"@type":"SearchAction","target":{"@type":"EntryPoint","urlTemplate":"https:\/\/www.zull.at\/cs\/?s={search_term_string}"},"query-input":{"@type":"PropertyValueSpecification","valueRequired":true,"valueName":"search_term_string"}}],"inLanguage":"cs-CZ"},{"@type":"Organization","@id":"https:\/\/www.zull.at\/cs\/#organization","name":"Weingut Zull GmbH","url":"https:\/\/www.zull.at\/cs\/","logo":{"@type":"ImageObject","inLanguage":"cs-CZ","@id":"https:\/\/www.zull.at\/cs\/#\/schema\/logo\/image\/","url":"https:\/\/www.zull.at\/wp-content\/uploads\/2023\/08\/Zull_logo_mail_2.jpg","contentUrl":"https:\/\/www.zull.at\/wp-content\/uploads\/2023\/08\/Zull_logo_mail_2.jpg","width":364,"height":151,"caption":"Weingut Zull GmbH"},"image":{"@id":"https:\/\/www.zull.at\/cs\/#\/schema\/logo\/image\/"}},{"@type":"Person","@id":"https:\/\/www.zull.at\/cs\/#\/schema\/person\/dd6c910c31b21c5d330e51c3e9276edb","name":"Phillip Zull","image":{"@type":"ImageObject","inLanguage":"cs-CZ","@id":"https:\/\/secure.gravatar.com\/avatar\/d73e6bcc56e8f05679da022e385510f50b7d0372d4a9e0687dda25f612a247d5?s=96&d=mm&r=g","url":"https:\/\/secure.gravatar.com\/avatar\/d73e6bcc56e8f05679da022e385510f50b7d0372d4a9e0687dda25f612a247d5?s=96&d=mm&r=g","contentUrl":"https:\/\/secure.gravatar.com\/avatar\/d73e6bcc56e8f05679da022e385510f50b7d0372d4a9e0687dda25f612a247d5?s=96&d=mm&r=g","caption":"Phillip Zull"},"sameAs":["https:\/\/www.zull.at"],"url":"https:\/\/www.zull.at\/cs\/author\/phillip_zull\/"}]}},"_links":{"self":[{"href":"https:\/\/www.zull.at\/cs\/wp-json\/wp\/v2\/posts\/9185","targetHints":{"allow":["GET"]}}],"collection":[{"href":"https:\/\/www.zull.at\/cs\/wp-json\/wp\/v2\/posts"}],"about":[{"href":"https:\/\/www.zull.at\/cs\/wp-json\/wp\/v2\/types\/post"}],"author":[{"embeddable":true,"href":"https:\/\/www.zull.at\/cs\/wp-json\/wp\/v2\/users\/2"}],"replies":[{"embeddable":true,"href":"https:\/\/www.zull.at\/cs\/wp-json\/wp\/v2\/comments?post=9185"}],"version-history":[{"count":0,"href":"https:\/\/www.zull.at\/cs\/wp-json\/wp\/v2\/posts\/9185\/revisions"}],"wp:featuredmedia":[{"embeddable":true,"href":"https:\/\/www.zull.at\/cs\/wp-json\/wp\/v2\/media\/9191"}],"wp:attachment":[{"href":"https:\/\/www.zull.at\/cs\/wp-json\/wp\/v2\/media?parent=9185"}],"wp:term":[{"taxonomy":"category","embeddable":true,"href":"https:\/\/www.zull.at\/cs\/wp-json\/wp\/v2\/categories?post=9185"},{"taxonomy":"post_tag","embeddable":true,"href":"https:\/\/www.zull.at\/cs\/wp-json\/wp\/v2\/tags?post=9185"},{"taxonomy":"post_folder","embeddable":true,"href":"https:\/\/www.zull.at\/cs\/wp-json\/wp\/v2\/post_folder?post=9185"}],"curies":[{"name":"wp","href":"https:\/\/api.w.org\/{rel}","templated":true}]}}